{"id":3178,"date":"2015-04-09T18:34:54","date_gmt":"2015-04-09T16:34:54","guid":{"rendered":"http:\/\/www.koenigswald.de\/?p=3178"},"modified":"2015-04-17T20:12:04","modified_gmt":"2015-04-17T18:12:04","slug":"generalversammlung-des-landfrauenvereins-koenigswald-2015","status":"publish","type":"post","link":"https:\/\/koenigswald.de\/?p=3178","title":{"rendered":"Generalversammlung des Landfrauenvereins K\u00f6nigswald 2014"},"content":{"rendered":"<p>Es gab Ehrungen, Wahlen und Verabschiedungen in der Generalversammlung des Landfrauenvereins K\u00f6nigswald!<\/p>\n<p>In der Generalversammlung des Landfrauenvereins, am 02.04.2014, wurde der Vorstand, einstimmig, neu gew\u00e4hlt, er setzt sich wie folgt zusammen:<\/p>\n<p><a href=\"https:\/\/koenigswald.de\/wp-content\/uploads\/2015\/04\/ehrungen_landfrauen1.jpg\"><img loading=\"lazy\" class=\" size-medium wp-image-3179 alignnone\" src=\"https:\/\/koenigswald.de\/wp-content\/uploads\/2015\/04\/ehrungen_landfrauen1-300x171.jpg\" alt=\"ehrungen_landfrauen1\" width=\"300\" height=\"171\" srcset=\"https:\/\/koenigswald.de\/wp-content\/uploads\/2015\/04\/ehrungen_landfrauen1-300x171.jpg 300w, https:\/\/koenigswald.de\/wp-content\/uploads\/2015\/04\/ehrungen_landfrauen1.jpg 767w\" sizes=\"(max-width: 300px) 100vw, 300px\" \/><\/a><br \/>\n1. Vorsitzende Inge Baum<br \/>\n2. Vorsitzende Erika Schmauch<br \/>\nwurden in ihrem Amt best\u00e4tigt.<br \/>\nKassiererin Annabell Gerlach<br \/>\nSchriftf\u00fchrerin Katja Fiedler<br \/>\nStellv. Schriftf\u00fchrerin Angelika Rinne<br \/>\nwurden neu gew\u00e4hlt.<br \/>\nv.l.n.r.: Angelika Rinne, Annabell Gerlach, Inge Baum und Katja Fiedler. (Erika Schmauch fehlt.)<\/p>\n<hr \/>\n<p><a href=\"https:\/\/koenigswald.de\/wp-content\/uploads\/2015\/04\/ehrungen_landfrauen2.jpg\"><img loading=\"lazy\" class=\" size-medium wp-image-3180 alignnone\" src=\"https:\/\/koenigswald.de\/wp-content\/uploads\/2015\/04\/ehrungen_landfrauen2-300x225.jpg\" alt=\"ehrungen_landfrauen2\" width=\"300\" height=\"225\" srcset=\"https:\/\/koenigswald.de\/wp-content\/uploads\/2015\/04\/ehrungen_landfrauen2-300x225.jpg 300w, https:\/\/koenigswald.de\/wp-content\/uploads\/2015\/04\/ehrungen_landfrauen2.jpg 614w\" sizes=\"(max-width: 300px) 100vw, 300px\" \/><\/a><br \/>\nF\u00fcr 25 j\u00e4hrige Mitgliedschaft im Verein wurden geehrt:<br \/>\nDoris Gro\u00dfkurth, Petra Wetterau (beide auf dem Foto) Julia Hott, Heike Ullrich und Marianne Landefeld (fehlten)<\/p>\n<hr \/>\n<p><a href=\"https:\/\/koenigswald.de\/wp-content\/uploads\/2015\/04\/ehrungen_landfrauen3.jpg\"><img loading=\"lazy\" class=\"  wp-image-3181 alignnone\" src=\"https:\/\/koenigswald.de\/wp-content\/uploads\/2015\/04\/ehrungen_landfrauen3-300x225.jpg\" alt=\"ehrungen_landfrauen3\" width=\"300\" height=\"225\" srcset=\"https:\/\/koenigswald.de\/wp-content\/uploads\/2015\/04\/ehrungen_landfrauen3-300x225.jpg 300w, https:\/\/koenigswald.de\/wp-content\/uploads\/2015\/04\/ehrungen_landfrauen3.jpg 639w\" sizes=\"(max-width: 300px) 100vw, 300px\" \/><\/a><br \/>\nDie Vorsitzende Inge Baum, verabschiedete, mit einem Blumenstrau\u00df und einem kleinen Pr\u00e4sent,\u00a0 Uschi Kr\u00fcck, Margarete K\u00fcch und Iris Wetzel nach langj\u00e4hriger Vorstandst\u00e4tigkeit und dankte f\u00fcr die gute Zusammenarbeit.<\/p>\n<div id=\"themify_builder_content-3178\" data-postid=\"3178\" class=\"themify_builder_content themify_builder_content-3178 themify_builder themify_builder_front\">\n\t<\/div>\n<!-- \/themify_builder_content -->","protected":false},"excerpt":{"rendered":"<p>Es gab Ehrungen, Wahlen und Verabschiedungen in der Generalversammlung des Landfrauenvereins K\u00f6nigswald! In der Generalversammlung des Landfrauenvereins, am 02.04.2014, wurde der Vorstand, einstimmig, neu gew\u00e4hlt, er setzt sich wie folgt zusammen: 1. Vorsitzende Inge Baum 2. Vorsitzende Erika Schmauch wurden in ihrem Amt best\u00e4tigt. Kassiererin Annabell Gerlach Schriftf\u00fchrerin Katja Fiedler Stellv. Schriftf\u00fchrerin Angelika Rinne wurden [&hellip;]<\/p>\n","protected":false},"author":2,"featured_media":0,"comment_status":"open","ping_status":"open","sticky":false,"template":"","format":"standard","meta":{"ngg_post_thumbnail":0},"categories":[1],"tags":[],"_links":{"self":[{"href":"https:\/\/koenigswald.de\/index.php?rest_route=\/wp\/v2\/posts\/3178"}],"collection":[{"href":"https:\/\/koenigswald.de\/index.php?rest_route=\/wp\/v2\/posts"}],"about":[{"href":"https:\/\/koenigswald.de\/index.php?rest_route=\/wp\/v2\/types\/post"}],"author":[{"embeddable":true,"href":"https:\/\/koenigswald.de\/index.php?rest_route=\/wp\/v2\/users\/2"}],"replies":[{"embeddable":true,"href":"https:\/\/koenigswald.de\/index.php?rest_route=%2Fwp%2Fv2%2Fcomments&post=3178"}],"version-history":[{"count":11,"href":"https:\/\/koenigswald.de\/index.php?rest_route=\/wp\/v2\/posts\/3178\/revisions"}],"predecessor-version":[{"id":3193,"href":"https:\/\/koenigswald.de\/index.php?rest_route=\/wp\/v2\/posts\/3178\/revisions\/3193"}],"wp:attachment":[{"href":"https:\/\/koenigswald.de\/index.php?rest_route=%2Fwp%2Fv2%2Fmedia&parent=3178"}],"wp:term":[{"taxonomy":"category","embeddable":true,"href":"https:\/\/koenigswald.de\/index.php?rest_route=%2Fwp%2Fv2%2Fcategories&post=3178"},{"taxonomy":"post_tag","embeddable":true,"href":"https:\/\/koenigswald.de\/index.php?rest_route=%2Fwp%2Fv2%2Ftags&post=3178"}],"curies":[{"name":"wp","href":"https:\/\/api.w.org\/{rel}","templated":true}]}}